
{"id":8942,"date":"2025-08-04T13:11:48","date_gmt":"2025-08-04T11:11:48","guid":{"rendered":"https:\/\/iniciativaradical.org\/web\/?p=8942"},"modified":"2025-08-04T13:11:48","modified_gmt":"2025-08-04T11:11:48","slug":"europa-irrelevante-e-insignificante","status":"publish","type":"post","link":"https:\/\/iniciativaradical.org\/web\/europa-irrelevante-e-insignificante\/","title":{"rendered":"Europa, irrelevante e insignificante"},"content":{"rendered":"<p><b>LA PENOSA Y P\u00daBLICA IRRELEVANCIA DE EUROPA<\/b><\/p>\n<p><b>Por Ricardo Angoso<\/b><\/p>\n<p>El escaso protagonismo de Europa en las crisis de Ucrania y Gaza son un s\u00edntoma de la crisis de liderazgo por la que atraviesa la Uni\u00f3n Europea (UE) desde hace a\u00f1os. Que Europa, aparte de imponer in\u00fatiles sanciones contra Rusia, no tenga una plan ni haya liderado en estos tres a\u00f1os de guerra una iniciativa pol\u00edtica y diplom\u00e1tica para poner fin a la misma dice mucho de su absoluta incapacidad para actuar en situaciones cr\u00edticas. Resulta lamentable que tenga que ser los Estados Unidos, sobre todo desde la llegada de Donald Trump a la Casa Blanca, el actor que est\u00e1 mediando entre Rusia y Ucrania para tratar de que ambas partes negocien una salida pac\u00edfica a la guerra.<\/p>\n<p>En lo que respecta a Gaza, ocurre un tanto de lo mismo e incluso me atrever\u00eda a decir que el papel de la UE es todav\u00eda m\u00e1s grotesco, dada su escasa neutralidad y jugando a abogado del diablo en contra de Israel. La UE est\u00e1 cuestionado abiertamente el derecho a la leg\u00edtima defensa del Estado hebreo y denunciando lo que los bur\u00f3cratas de Bruselas denominan como el \u201cgenocidio de Gaza\u201d. Luego, aunque el gesto sea un brindis al sol, est\u00e1n los reconocimientos de Palestina por varios miembros de la UE, entre los que destacan Eslovenia, Polonia, Irlanda, Chipre, Bulgaria, Malta, Suecia, Espa\u00f1a y los ahora anunciados de Francia y Portugal para el mes de septiembre. Reino Unido, que abandon\u00f3 la UE hace tiempo, tambi\u00e9n ha anunciado que de no cambiar el curso de la guerra har\u00e1 los mismo en septiembre.<\/p>\n<p>Entonces a nuestra irrelevancia pol\u00edtica habr\u00e1 que a\u00f1adir nuestro descr\u00e9dito ante dos de los grandes aliados de Europa, los Estados Unidos e Israel, cada vez m\u00e1s distantes de la UE y que observan con desconfianza la escasa coherencia de la pol\u00edtica exterior de esta organizaci\u00f3n. Mientras que por un lado, la UE condena supuestamente el terrorismo, por el otro, hace la vista gorda ante los desmanes de Ham\u00e1s, Hezbol\u00e1 y otros grupos que act\u00faan en Cisjordania. En esa pol\u00edtica de tirar la mano y esconder la piedra, sin ning\u00fan liderazgo en Oriente Medio, la UE ya no es un actor de peso en este conflicto -realmente nunca lo ha sido- y ni siquiera en el mundo \u00e1rabe, pese a que hemos mantenido las in\u00fatiles instituciones palestinas durante d\u00e9cadas para que se enriquecieran sus dirigentes, unos corruptos incalificables.<\/p>\n<p>LOS BALCANES Y EL CAUCASO, DOS ASIGNATURAS SUSPENDIDAS DE LA UE<\/p>\n<p>Pero si no pintamos una mona, por decirlo vulgarmente, en la guerra de Ucrania y Oriente Medio, tampoco estamos mejor en los Balcanes y el C\u00e1ucaso, nuestro abandonado patio trasero. En los Balcanes, por ejemplo, la ansiada ampliaci\u00f3n de la UE que nunca llega se ha dilatado sine die e inexplicablemente. Pa\u00edses como Bosnia y Herzegovina, Macedonia, Montenegro, Albania y Serbia llevan d\u00e9cadas esperando su ansiada entrada en la UE y la explicaciones a este retraso no son convincentes ni cuentan con argumentos potentes, aunque hay que resaltar que hubo veto franc\u00e9s, en el a\u00f1o 2019, a esta ampliaci\u00f3n. Dicho veto fue considerado como un \u201cerror hist\u00f3rico\u201d por dos antiguos dirigentes de la UE, Donald Tusk y Jean Claude Juncker,<\/p>\n<p>En lo que respecta al C\u00e1ucaso, la UE brilla por su ausencia, mientras que Rusia, Turqu\u00eda e incluso Ir\u00e1n despliegan una intensa actividad pol\u00edtica, econ\u00f3mica y diplom\u00e1tica en esa parte del mundo. Georgia y Armenia, dos peones de Mosc\u00fa en el complejo tablero del C\u00e1ucaso, han intensificado sus relaciones con Rusia por motivos bien distintos. El caso georgiano es muy complejo debido a que en las \u00faltimas elecciones celebradas en este pa\u00eds, en octubre de 2024, un partido prorruso, Sue\u00f1o Georgiano, ratific\u00f3 su mayor\u00eda en el parlamento y se consolid\u00f3 el giro hacia Mosc\u00fa en la pol\u00edtica exterior de este pa\u00eds, que siempre se ha debatido entre su pertenencia a la UE o el acercamiento a Rusia. Pero la geograf\u00eda manda e impone su l\u00f3gica pol\u00edtica. Rusia ocupa varias regiones de este pa\u00eds desde hace d\u00e9cadas, Osetia del Sur y Abjasia, y la fallida guerra por recuperarlas, en el 2008, revel\u00f3 las carencias de este pa\u00eds y su incapacidad por lograr un marco estable de seguridad, estabilidad y paz sin contar con su poderoso vecino.<\/p>\n<p>Armenia, encajonada en peligrosa vecindad entre Ir\u00e1n, Rusia, y Azerbaiy\u00e1n, comprendi\u00f3 tras la humillante derrota en la \u00faltima guerra de Nagorno Karabaj, en el a\u00f1o 2023, que sus aspiraciones europe\u00edstas y atlantistas ser\u00edan castigadas por Mosc\u00fa. As\u00ed las cosas, y desde ese a\u00f1o, se ha.intensificado la presencia de tropas rusas y asesores en ese pa\u00eds, pese a que existe la sospecha fundada de que fue Mosc\u00fa quien facilit\u00f3 a Azerbaiy\u00e1n tomar ese enclave por la fuerza en esa breve contienda que signific\u00f3 la p\u00e9rdida de ese territorio quiz\u00e1 para siempre y la salida de unos 120.000il armenios en un \u00e9xodo vergonzante para este pueblo. Rusia, que manten\u00eda un contingente de \u201cfuerzas de paz\u201d en Nagorno Karabaj, se qued\u00f3 con los brazos cruzados y permiti\u00f3 la recuperaci\u00f3n del mismo a manos azer\u00edes sin cumplir con los acuerdos firmados en su momento para lograr un acuerdo pac\u00edfico entre las partes y no la toma violenta, tal como finalmente ocurri\u00f3. La UE, piensan en Erev\u00e1n, puede esperar y el oso ruso tampoco permitir\u00e1 ahora nuevas veleidades europe\u00edstas. La letra con sangre entra.<\/p>\n","protected":false},"excerpt":{"rendered":"<p>LA PENOSA Y P\u00daBLICA IRRELEVANCIA DE EUROPA Por Ricardo Angoso El escaso protagonismo de Europa en las crisis de Ucrania y Gaza son un s\u00edntoma de la crisis de liderazgo por la que atraviesa la Uni\u00f3n Europea (UE) desde hace a\u00f1os. Que Europa, aparte de imponer in\u00fatiles sanciones contra Rusia, no tenga una plan ni&#8230;<\/p>\n","protected":false},"author":2,"featured_media":7648,"comment_status":"open","ping_status":"open","sticky":false,"template":"","format":"standard","meta":{"footnotes":""},"categories":[1],"tags":[],"class_list":["post-8942","post","type-post","status-publish","format-standard","has-post-thumbnail","hentry","category-blog"],"yoast_head":"<!-- This site is optimized with the Yoast SEO plugin v25.8 - https:\/\/yoast.com\/wordpress\/plugins\/seo\/ -->\n<title>Europa, irrelevante e insignificante -<\/title>\n<meta name=\"robots\" content=\"index, follow, max-snippet:-1, max-image-preview:large, max-video-preview:-1\" \/>\n<link rel=\"canonical\" href=\"https:\/\/iniciativaradical.org\/web\/europa-irrelevante-e-insignificante\/\" \/>\n<meta property=\"og:locale\" content=\"es_ES\" \/>\n<meta property=\"og:type\" content=\"article\" \/>\n<meta property=\"og:title\" content=\"Europa, irrelevante e insignificante -\" \/>\n<meta property=\"og:description\" content=\"LA PENOSA Y P\u00daBLICA IRRELEVANCIA DE EUROPA Por Ricardo Angoso El escaso protagonismo de Europa en las crisis de Ucrania y Gaza son un s\u00edntoma de la crisis de liderazgo por la que atraviesa la Uni\u00f3n Europea (UE) desde hace a\u00f1os. Que Europa, aparte de imponer in\u00fatiles sanciones contra Rusia, no tenga una plan ni...\" \/>\n<meta property=\"og:url\" content=\"https:\/\/iniciativaradical.org\/web\/europa-irrelevante-e-insignificante\/\" \/>\n<meta property=\"article:published_time\" content=\"2025-08-04T11:11:48+00:00\" \/>\n<meta property=\"og:image\" content=\"http:\/\/www.iniciativaradical.org\/web\/\/wp-content\/uploads\/trumpd16.webp\" \/>\n\t<meta property=\"og:image:width\" content=\"240\" \/>\n\t<meta property=\"og:image:height\" content=\"339\" \/>\n\t<meta property=\"og:image:type\" content=\"image\/webp\" \/>\n<meta name=\"author\" content=\"Ricardo Angoso\" \/>\n<meta name=\"twitter:card\" content=\"summary_large_image\" \/>\n<meta name=\"twitter:label1\" content=\"Escrito por\" \/>\n\t<meta name=\"twitter:data1\" content=\"Ricardo Angoso\" \/>\n\t<meta name=\"twitter:label2\" content=\"Tiempo de lectura\" \/>\n\t<meta name=\"twitter:data2\" content=\"5 minutos\" \/>\n<script type=\"application\/ld+json\" class=\"yoast-schema-graph\">{\"@context\":\"https:\/\/schema.org\",\"@graph\":[{\"@type\":\"WebPage\",\"@id\":\"https:\/\/iniciativaradical.org\/web\/europa-irrelevante-e-insignificante\/\",\"url\":\"https:\/\/iniciativaradical.org\/web\/europa-irrelevante-e-insignificante\/\",\"name\":\"Europa, irrelevante e insignificante -\",\"isPartOf\":{\"@id\":\"https:\/\/iniciativaradical.org\/web\/#website\"},\"primaryImageOfPage\":{\"@id\":\"https:\/\/iniciativaradical.org\/web\/europa-irrelevante-e-insignificante\/#primaryimage\"},\"image\":{\"@id\":\"https:\/\/iniciativaradical.org\/web\/europa-irrelevante-e-insignificante\/#primaryimage\"},\"thumbnailUrl\":\"https:\/\/www.iniciativaradical.org\/web\/\/wp-content\/uploads\/trumpd16.webp\",\"datePublished\":\"2025-08-04T11:11:48+00:00\",\"author\":{\"@id\":\"https:\/\/iniciativaradical.org\/web\/#\/schema\/person\/a39b5d242045a6706b777fca24d5814e\"},\"breadcrumb\":{\"@id\":\"https:\/\/iniciativaradical.org\/web\/europa-irrelevante-e-insignificante\/#breadcrumb\"},\"inLanguage\":\"es\",\"potentialAction\":[{\"@type\":\"ReadAction\",\"target\":[\"https:\/\/iniciativaradical.org\/web\/europa-irrelevante-e-insignificante\/\"]}]},{\"@type\":\"ImageObject\",\"inLanguage\":\"es\",\"@id\":\"https:\/\/iniciativaradical.org\/web\/europa-irrelevante-e-insignificante\/#primaryimage\",\"url\":\"https:\/\/www.iniciativaradical.org\/web\/\/wp-content\/uploads\/trumpd16.webp\",\"contentUrl\":\"https:\/\/www.iniciativaradical.org\/web\/\/wp-content\/uploads\/trumpd16.webp\",\"width\":240,\"height\":339},{\"@type\":\"BreadcrumbList\",\"@id\":\"https:\/\/iniciativaradical.org\/web\/europa-irrelevante-e-insignificante\/#breadcrumb\",\"itemListElement\":[{\"@type\":\"ListItem\",\"position\":1,\"name\":\"Portada\",\"item\":\"https:\/\/iniciativaradical.org\/web\/\"},{\"@type\":\"ListItem\",\"position\":2,\"name\":\"Europa, irrelevante e insignificante\"}]},{\"@type\":\"WebSite\",\"@id\":\"https:\/\/iniciativaradical.org\/web\/#website\",\"url\":\"https:\/\/iniciativaradical.org\/web\/\",\"name\":\"\",\"description\":\"\",\"potentialAction\":[{\"@type\":\"SearchAction\",\"target\":{\"@type\":\"EntryPoint\",\"urlTemplate\":\"https:\/\/iniciativaradical.org\/web\/?s={search_term_string}\"},\"query-input\":{\"@type\":\"PropertyValueSpecification\",\"valueRequired\":true,\"valueName\":\"search_term_string\"}}],\"inLanguage\":\"es\"},{\"@type\":\"Person\",\"@id\":\"https:\/\/iniciativaradical.org\/web\/#\/schema\/person\/a39b5d242045a6706b777fca24d5814e\",\"name\":\"Ricardo Angoso\",\"image\":{\"@type\":\"ImageObject\",\"inLanguage\":\"es\",\"@id\":\"https:\/\/iniciativaradical.org\/web\/#\/schema\/person\/image\/\",\"url\":\"https:\/\/secure.gravatar.com\/avatar\/8bcc930769571c87f9961681e0be6e94c2b531761a08454e6a973111095004f8?s=96&d=mm&r=g\",\"contentUrl\":\"https:\/\/secure.gravatar.com\/avatar\/8bcc930769571c87f9961681e0be6e94c2b531761a08454e6a973111095004f8?s=96&d=mm&r=g\",\"caption\":\"Ricardo Angoso\"},\"sameAs\":[\"http:\/\/www.iniciativaradical.org\/web\"],\"url\":\"https:\/\/iniciativaradical.org\/web\/author\/ricardo\/\"}]}<\/script>\n<!-- \/ Yoast SEO plugin. -->","yoast_head_json":{"title":"Europa, irrelevante e insignificante -","robots":{"index":"index","follow":"follow","max-snippet":"max-snippet:-1","max-image-preview":"max-image-preview:large","max-video-preview":"max-video-preview:-1"},"canonical":"https:\/\/iniciativaradical.org\/web\/europa-irrelevante-e-insignificante\/","og_locale":"es_ES","og_type":"article","og_title":"Europa, irrelevante e insignificante -","og_description":"LA PENOSA Y P\u00daBLICA IRRELEVANCIA DE EUROPA Por Ricardo Angoso El escaso protagonismo de Europa en las crisis de Ucrania y Gaza son un s\u00edntoma de la crisis de liderazgo por la que atraviesa la Uni\u00f3n Europea (UE) desde hace a\u00f1os. Que Europa, aparte de imponer in\u00fatiles sanciones contra Rusia, no tenga una plan ni...","og_url":"https:\/\/iniciativaradical.org\/web\/europa-irrelevante-e-insignificante\/","article_published_time":"2025-08-04T11:11:48+00:00","og_image":[{"width":240,"height":339,"url":"http:\/\/www.iniciativaradical.org\/web\/\/wp-content\/uploads\/trumpd16.webp","type":"image\/webp"}],"author":"Ricardo Angoso","twitter_card":"summary_large_image","twitter_misc":{"Escrito por":"Ricardo Angoso","Tiempo de lectura":"5 minutos"},"schema":{"@context":"https:\/\/schema.org","@graph":[{"@type":"WebPage","@id":"https:\/\/iniciativaradical.org\/web\/europa-irrelevante-e-insignificante\/","url":"https:\/\/iniciativaradical.org\/web\/europa-irrelevante-e-insignificante\/","name":"Europa, irrelevante e insignificante -","isPartOf":{"@id":"https:\/\/iniciativaradical.org\/web\/#website"},"primaryImageOfPage":{"@id":"https:\/\/iniciativaradical.org\/web\/europa-irrelevante-e-insignificante\/#primaryimage"},"image":{"@id":"https:\/\/iniciativaradical.org\/web\/europa-irrelevante-e-insignificante\/#primaryimage"},"thumbnailUrl":"https:\/\/www.iniciativaradical.org\/web\/\/wp-content\/uploads\/trumpd16.webp","datePublished":"2025-08-04T11:11:48+00:00","author":{"@id":"https:\/\/iniciativaradical.org\/web\/#\/schema\/person\/a39b5d242045a6706b777fca24d5814e"},"breadcrumb":{"@id":"https:\/\/iniciativaradical.org\/web\/europa-irrelevante-e-insignificante\/#breadcrumb"},"inLanguage":"es","potentialAction":[{"@type":"ReadAction","target":["https:\/\/iniciativaradical.org\/web\/europa-irrelevante-e-insignificante\/"]}]},{"@type":"ImageObject","inLanguage":"es","@id":"https:\/\/iniciativaradical.org\/web\/europa-irrelevante-e-insignificante\/#primaryimage","url":"https:\/\/www.iniciativaradical.org\/web\/\/wp-content\/uploads\/trumpd16.webp","contentUrl":"https:\/\/www.iniciativaradical.org\/web\/\/wp-content\/uploads\/trumpd16.webp","width":240,"height":339},{"@type":"BreadcrumbList","@id":"https:\/\/iniciativaradical.org\/web\/europa-irrelevante-e-insignificante\/#breadcrumb","itemListElement":[{"@type":"ListItem","position":1,"name":"Portada","item":"https:\/\/iniciativaradical.org\/web\/"},{"@type":"ListItem","position":2,"name":"Europa, irrelevante e insignificante"}]},{"@type":"WebSite","@id":"https:\/\/iniciativaradical.org\/web\/#website","url":"https:\/\/iniciativaradical.org\/web\/","name":"","description":"","potentialAction":[{"@type":"SearchAction","target":{"@type":"EntryPoint","urlTemplate":"https:\/\/iniciativaradical.org\/web\/?s={search_term_string}"},"query-input":{"@type":"PropertyValueSpecification","valueRequired":true,"valueName":"search_term_string"}}],"inLanguage":"es"},{"@type":"Person","@id":"https:\/\/iniciativaradical.org\/web\/#\/schema\/person\/a39b5d242045a6706b777fca24d5814e","name":"Ricardo Angoso","image":{"@type":"ImageObject","inLanguage":"es","@id":"https:\/\/iniciativaradical.org\/web\/#\/schema\/person\/image\/","url":"https:\/\/secure.gravatar.com\/avatar\/8bcc930769571c87f9961681e0be6e94c2b531761a08454e6a973111095004f8?s=96&d=mm&r=g","contentUrl":"https:\/\/secure.gravatar.com\/avatar\/8bcc930769571c87f9961681e0be6e94c2b531761a08454e6a973111095004f8?s=96&d=mm&r=g","caption":"Ricardo Angoso"},"sameAs":["http:\/\/www.iniciativaradical.org\/web"],"url":"https:\/\/iniciativaradical.org\/web\/author\/ricardo\/"}]}},"_links":{"self":[{"href":"https:\/\/iniciativaradical.org\/web\/wp-json\/wp\/v2\/posts\/8942","targetHints":{"allow":["GET"]}}],"collection":[{"href":"https:\/\/iniciativaradical.org\/web\/wp-json\/wp\/v2\/posts"}],"about":[{"href":"https:\/\/iniciativaradical.org\/web\/wp-json\/wp\/v2\/types\/post"}],"author":[{"embeddable":true,"href":"https:\/\/iniciativaradical.org\/web\/wp-json\/wp\/v2\/users\/2"}],"replies":[{"embeddable":true,"href":"https:\/\/iniciativaradical.org\/web\/wp-json\/wp\/v2\/comments?post=8942"}],"version-history":[{"count":1,"href":"https:\/\/iniciativaradical.org\/web\/wp-json\/wp\/v2\/posts\/8942\/revisions"}],"predecessor-version":[{"id":8943,"href":"https:\/\/iniciativaradical.org\/web\/wp-json\/wp\/v2\/posts\/8942\/revisions\/8943"}],"wp:featuredmedia":[{"embeddable":true,"href":"https:\/\/iniciativaradical.org\/web\/wp-json\/wp\/v2\/media\/7648"}],"wp:attachment":[{"href":"https:\/\/iniciativaradical.org\/web\/wp-json\/wp\/v2\/media?parent=8942"}],"wp:term":[{"taxonomy":"category","embeddable":true,"href":"https:\/\/iniciativaradical.org\/web\/wp-json\/wp\/v2\/categories?post=8942"},{"taxonomy":"post_tag","embeddable":true,"href":"https:\/\/iniciativaradical.org\/web\/wp-json\/wp\/v2\/tags?post=8942"}],"curies":[{"name":"wp","href":"https:\/\/api.w.org\/{rel}","templated":true}]}}